{"id":49345,"date":"2021-04-12T17:12:39","date_gmt":"2021-04-12T15:12:39","guid":{"rendered":"http:\/\/nuevoweb.montero-ls.com\/partnership-with-the-foundation-jardines-de-espana\/"},"modified":"2021-05-27T16:40:03","modified_gmt":"2021-05-27T14:40:03","slug":"partnership-with-the-foundation-jardines-de-espana","status":"publish","type":"post","link":"https:\/\/montero-ls.com\/en\/partnership-with-the-foundation-jardines-de-espana\/","title":{"rendered":"PARTNERSHIP WITH THE FOUNDATION &#8220;JARDINES DE ESPA\u00d1A&#8221;"},"content":{"rendered":"<ul>\n<li>We love to dance at Montero Language Services! So, once a week, a group of volunteers heads to Fundaci\u00f3n Jardines de Espa\u00f1a (Madrid) which specializes in providing services to people with intellectual disabilities. Here we share memorable moments with the people they help, dancing and enjoying the pleasant surroundings.<\/li>\n<li>But our commitment to the foundation goes far beyond this. Montero Language Services has set aside part of its budget to finance a project aimed at creating an early care room. It has been a privilege to be able to contribute to this cause, and we will always support and wish them the best.<\/li>\n<\/ul>\n<p>(Photographs taken before the Coronavirus pandemic was declared in 2020.)<\/p>\n<div id='gallery-1' class='gallery galleryid-49345 gallery-columns-2 gallery-size-full'><figure class='gallery-item'>\n\t\t\t<div class='gallery-icon landscape'>\n\t\t\t\t<a href='https:\/\/montero-ls.com\/wp-content\/uploads\/2021\/04\/Foto-8.jpg'><img fetchpriority=\"high\" decoding=\"async\" width=\"1024\" height=\"576\" src=\"https:\/\/montero-ls.com\/wp-content\/uploads\/2021\/04\/Foto-8.jpg\" class=\"attachment-full size-full\" alt=\"\" srcset=\"https:\/\/montero-ls.com\/wp-content\/uploads\/2021\/04\/Foto-8.jpg 1024w, https:\/\/montero-ls.com\/wp-content\/uploads\/2021\/04\/Foto-8-300x169.jpg 300w, https:\/\/montero-ls.com\/wp-content\/uploads\/2021\/04\/Foto-8-768x432.jpg 768w\" sizes=\"(max-width: 1024px) 100vw, 1024px\" \/><\/a>\n\t\t\t<\/div><\/figure><figure class='gallery-item'>\n\t\t\t<div class='gallery-icon landscape'>\n\t\t\t\t<a href='https:\/\/montero-ls.com\/wp-content\/uploads\/2021\/04\/Foto-3.jpg'><img decoding=\"async\" width=\"1024\" height=\"576\" src=\"https:\/\/montero-ls.com\/wp-content\/uploads\/2021\/04\/Foto-3.jpg\" class=\"attachment-full size-full\" alt=\"\" srcset=\"https:\/\/montero-ls.com\/wp-content\/uploads\/2021\/04\/Foto-3.jpg 1024w, https:\/\/montero-ls.com\/wp-content\/uploads\/2021\/04\/Foto-3-300x169.jpg 300w, https:\/\/montero-ls.com\/wp-content\/uploads\/2021\/04\/Foto-3-768x432.jpg 768w\" sizes=\"(max-width: 1024px) 100vw, 1024px\" \/><\/a>\n\t\t\t<\/div><\/figure>\n\t\t<\/div>\n\n","protected":false},"excerpt":{"rendered":"<p>We love to dance at Montero Language Services! So, once a week, a group of volunteers heads to Fundaci\u00f3n Jardines de Espa\u00f1a (Madrid) which specializes in providing services to people with intellectual disabilities. Here we share memorable moments with the people they help, dancing and enjoying the pleasant surroundings. But our commitment to the foundation &#8230; <a title=\"PARTNERSHIP WITH THE FOUNDATION &#8220;JARDINES DE ESPA\u00d1A&#8221;\" class=\"read-more\" href=\"https:\/\/montero-ls.com\/en\/partnership-with-the-foundation-jardines-de-espana\/\" aria-label=\"Read more about PARTNERSHIP WITH THE FOUNDATION &#8220;JARDINES DE ESPA\u00d1A&#8221;\">Read more<\/a><\/p>\n","protected":false},"author":1,"featured_media":49562,"comment_status":"open","ping_status":"open","sticky":false,"template":"","format":"standard","meta":{"footnotes":""},"categories":[325],"tags":[],"class_list":["post-49345","post","type-post","status-publish","format-standard","has-post-thumbnail","hentry","category-partnerships"],"yoast_head":"<!-- This site is optimized with the Yoast SEO plugin v28.3 - https:\/\/yoast.com\/product\/yoast-seo-wordpress\/ -->\n<title>PARTNERSHIP WITH THE FOUNDATION &quot;JARDINES DE ESPA\u00d1A&quot; - Montero Language Services<\/title>\n<meta name=\"description\" content=\"Visita nuestro post PARTNERSHIP WITH THE FOUNDATION &quot;JARDINES DE ESPA\u00d1A&quot;. Toda la informaci\u00f3n y novedades de PARTNERSHIP WITH THE FOUNDATION &quot;JARDINES DE ESPA\u00d1A&quot; en el blog de Montero SL. Vis\u00edtanos y mantente al d\u00eda en PARTNERSHIP WITH THE FOUNDATION &quot;JARDINES DE ESPA\u00d1A&quot;. \u00a1No esperes m\u00e1s!\" \/>\n<meta name=\"robots\" content=\"index, follow, max-snippet:-1, max-image-preview:large, max-video-preview:-1\" \/>\n<link rel=\"canonical\" href=\"https:\/\/montero-ls.com\/en\/partnership-with-the-foundation-jardines-de-espana\/\" \/>\n<meta property=\"og:locale\" content=\"en_US\" \/>\n<meta property=\"og:type\" content=\"article\" \/>\n<meta property=\"og:title\" content=\"PARTNERSHIP WITH THE FOUNDATION &quot;JARDINES DE ESPA\u00d1A&quot; - Montero Language Services\" \/>\n<meta property=\"og:description\" content=\"Visita nuestro post PARTNERSHIP WITH THE FOUNDATION &quot;JARDINES DE ESPA\u00d1A&quot;. Toda la informaci\u00f3n y novedades de PARTNERSHIP WITH THE FOUNDATION &quot;JARDINES DE ESPA\u00d1A&quot; en el blog de Montero SL. Vis\u00edtanos y mantente al d\u00eda en PARTNERSHIP WITH THE FOUNDATION &quot;JARDINES DE ESPA\u00d1A&quot;. \u00a1No esperes m\u00e1s!\" \/>\n<meta property=\"og:url\" content=\"https:\/\/montero-ls.com\/en\/partnership-with-the-foundation-jardines-de-espana\/\" \/>\n<meta property=\"og:site_name\" content=\"Montero Language Services\" \/>\n<meta property=\"article:published_time\" content=\"2021-04-12T15:12:39+00:00\" \/>\n<meta property=\"article:modified_time\" content=\"2021-05-27T14:40:03+00:00\" \/>\n<meta property=\"og:image\" content=\"https:\/\/montero-ls.com\/wp-content\/uploads\/2021\/04\/Foto-8.jpg\" \/>\n<meta name=\"author\" content=\"admin\" \/>\n<meta name=\"twitter:card\" content=\"summary_large_image\" \/>\n<meta name=\"twitter:label1\" content=\"Written by\" \/>\n\t<meta name=\"twitter:data1\" content=\"admin\" \/>\n\t<meta name=\"twitter:label2\" content=\"Est. reading time\" \/>\n\t<meta name=\"twitter:data2\" content=\"1 minute\" \/>\n<script type=\"application\/ld+json\" class=\"yoast-schema-graph\">{\"@context\":\"https:\\\/\\\/schema.org\",\"@graph\":[{\"@type\":\"Article\",\"@id\":\"https:\\\/\\\/montero-ls.com\\\/en\\\/partnership-with-the-foundation-jardines-de-espana\\\/#article\",\"isPartOf\":{\"@id\":\"https:\\\/\\\/montero-ls.com\\\/en\\\/partnership-with-the-foundation-jardines-de-espana\\\/\"},\"author\":{\"name\":\"admin\",\"@id\":\"https:\\\/\\\/montero-ls.com\\\/en\\\/#\\\/schema\\\/person\\\/85503cb7e8b7f1b205bf612f15c1b33e\"},\"headline\":\"PARTNERSHIP WITH THE FOUNDATION &#8220;JARDINES DE ESPA\u00d1A&#8221;\",\"datePublished\":\"2021-04-12T15:12:39+00:00\",\"dateModified\":\"2021-05-27T14:40:03+00:00\",\"mainEntityOfPage\":{\"@id\":\"https:\\\/\\\/montero-ls.com\\\/en\\\/partnership-with-the-foundation-jardines-de-espana\\\/\"},\"wordCount\":129,\"commentCount\":0,\"image\":{\"@id\":\"https:\\\/\\\/montero-ls.com\\\/en\\\/partnership-with-the-foundation-jardines-de-espana\\\/#primaryimage\"},\"thumbnailUrl\":\"https:\\\/\\\/montero-ls.com\\\/wp-content\\\/uploads\\\/2021\\\/04\\\/Foto-4.jpg\",\"articleSection\":[\"PARTNERSHIPS\"],\"inLanguage\":\"en-US\",\"potentialAction\":[{\"@type\":\"CommentAction\",\"name\":\"Comment\",\"target\":[\"https:\\\/\\\/montero-ls.com\\\/en\\\/partnership-with-the-foundation-jardines-de-espana\\\/#respond\"]}]},{\"@type\":\"WebPage\",\"@id\":\"https:\\\/\\\/montero-ls.com\\\/en\\\/partnership-with-the-foundation-jardines-de-espana\\\/\",\"url\":\"https:\\\/\\\/montero-ls.com\\\/en\\\/partnership-with-the-foundation-jardines-de-espana\\\/\",\"name\":\"PARTNERSHIP WITH THE FOUNDATION \\\"JARDINES DE ESPA\u00d1A\\\" - Montero Language Services\",\"isPartOf\":{\"@id\":\"https:\\\/\\\/montero-ls.com\\\/en\\\/#website\"},\"primaryImageOfPage\":{\"@id\":\"https:\\\/\\\/montero-ls.com\\\/en\\\/partnership-with-the-foundation-jardines-de-espana\\\/#primaryimage\"},\"image\":{\"@id\":\"https:\\\/\\\/montero-ls.com\\\/en\\\/partnership-with-the-foundation-jardines-de-espana\\\/#primaryimage\"},\"thumbnailUrl\":\"https:\\\/\\\/montero-ls.com\\\/wp-content\\\/uploads\\\/2021\\\/04\\\/Foto-4.jpg\",\"datePublished\":\"2021-04-12T15:12:39+00:00\",\"dateModified\":\"2021-05-27T14:40:03+00:00\",\"author\":{\"@id\":\"https:\\\/\\\/montero-ls.com\\\/en\\\/#\\\/schema\\\/person\\\/85503cb7e8b7f1b205bf612f15c1b33e\"},\"description\":\"Visita nuestro post PARTNERSHIP WITH THE FOUNDATION \\\"JARDINES DE ESPA\u00d1A\\\". Toda la informaci\u00f3n y novedades de PARTNERSHIP WITH THE FOUNDATION \\\"JARDINES DE ESPA\u00d1A\\\" en el blog de Montero SL. Vis\u00edtanos y mantente al d\u00eda en PARTNERSHIP WITH THE FOUNDATION \\\"JARDINES DE ESPA\u00d1A\\\". \u00a1No esperes m\u00e1s!\",\"breadcrumb\":{\"@id\":\"https:\\\/\\\/montero-ls.com\\\/en\\\/partnership-with-the-foundation-jardines-de-espana\\\/#breadcrumb\"},\"inLanguage\":\"en-US\",\"potentialAction\":[{\"@type\":\"ReadAction\",\"target\":[\"https:\\\/\\\/montero-ls.com\\\/en\\\/partnership-with-the-foundation-jardines-de-espana\\\/\"]}]},{\"@type\":\"ImageObject\",\"inLanguage\":\"en-US\",\"@id\":\"https:\\\/\\\/montero-ls.com\\\/en\\\/partnership-with-the-foundation-jardines-de-espana\\\/#primaryimage\",\"url\":\"https:\\\/\\\/montero-ls.com\\\/wp-content\\\/uploads\\\/2021\\\/04\\\/Foto-4.jpg\",\"contentUrl\":\"https:\\\/\\\/montero-ls.com\\\/wp-content\\\/uploads\\\/2021\\\/04\\\/Foto-4.jpg\",\"width\":1024,\"height\":576},{\"@type\":\"BreadcrumbList\",\"@id\":\"https:\\\/\\\/montero-ls.com\\\/en\\\/partnership-with-the-foundation-jardines-de-espana\\\/#breadcrumb\",\"itemListElement\":[{\"@type\":\"ListItem\",\"position\":1,\"name\":\"Portada\",\"item\":\"https:\\\/\\\/montero-ls.com\\\/\"},{\"@type\":\"ListItem\",\"position\":2,\"name\":\"PARTNERSHIP WITH THE FOUNDATION &#8220;JARDINES DE ESPA\u00d1A&#8221;\"}]},{\"@type\":\"WebSite\",\"@id\":\"https:\\\/\\\/montero-ls.com\\\/en\\\/#website\",\"url\":\"https:\\\/\\\/montero-ls.com\\\/en\\\/\",\"name\":\"Montero Language Services\",\"description\":\"Agencia de Traducci\u00f3n Especializada\",\"potentialAction\":[{\"@type\":\"SearchAction\",\"target\":{\"@type\":\"EntryPoint\",\"urlTemplate\":\"https:\\\/\\\/montero-ls.com\\\/en\\\/?s={search_term_string}\"},\"query-input\":{\"@type\":\"PropertyValueSpecification\",\"valueRequired\":true,\"valueName\":\"search_term_string\"}}],\"inLanguage\":\"en-US\"},{\"@type\":\"Person\",\"@id\":\"https:\\\/\\\/montero-ls.com\\\/en\\\/#\\\/schema\\\/person\\\/85503cb7e8b7f1b205bf612f15c1b33e\",\"name\":\"admin\",\"sameAs\":[\"https:\\\/\\\/montero-ls.com\"],\"url\":\"https:\\\/\\\/montero-ls.com\\\/en\\\/author\\\/admin\\\/\"}]}<\/script>\n<!-- \/ Yoast SEO plugin. -->","yoast_head_json":{"title":"PARTNERSHIP WITH THE FOUNDATION \"JARDINES DE ESPA\u00d1A\" - Montero Language Services","description":"Visita nuestro post PARTNERSHIP WITH THE FOUNDATION \"JARDINES DE ESPA\u00d1A\". Toda la informaci\u00f3n y novedades de PARTNERSHIP WITH THE FOUNDATION \"JARDINES DE ESPA\u00d1A\" en el blog de Montero SL. Vis\u00edtanos y mantente al d\u00eda en PARTNERSHIP WITH THE FOUNDATION \"JARDINES DE ESPA\u00d1A\". \u00a1No esperes m\u00e1s!","robots":{"index":"index","follow":"follow","max-snippet":"max-snippet:-1","max-image-preview":"max-image-preview:large","max-video-preview":"max-video-preview:-1"},"canonical":"https:\/\/montero-ls.com\/en\/partnership-with-the-foundation-jardines-de-espana\/","og_locale":"en_US","og_type":"article","og_title":"PARTNERSHIP WITH THE FOUNDATION \"JARDINES DE ESPA\u00d1A\" - Montero Language Services","og_description":"Visita nuestro post PARTNERSHIP WITH THE FOUNDATION \"JARDINES DE ESPA\u00d1A\". Toda la informaci\u00f3n y novedades de PARTNERSHIP WITH THE FOUNDATION \"JARDINES DE ESPA\u00d1A\" en el blog de Montero SL. Vis\u00edtanos y mantente al d\u00eda en PARTNERSHIP WITH THE FOUNDATION \"JARDINES DE ESPA\u00d1A\". \u00a1No esperes m\u00e1s!","og_url":"https:\/\/montero-ls.com\/en\/partnership-with-the-foundation-jardines-de-espana\/","og_site_name":"Montero Language Services","article_published_time":"2021-04-12T15:12:39+00:00","article_modified_time":"2021-05-27T14:40:03+00:00","og_image":[{"url":"https:\/\/montero-ls.com\/wp-content\/uploads\/2021\/04\/Foto-8.jpg","type":"","width":"","height":""}],"author":"admin","twitter_card":"summary_large_image","twitter_misc":{"Written by":"admin","Est. reading time":"1 minute"},"schema":{"@context":"https:\/\/schema.org","@graph":[{"@type":"Article","@id":"https:\/\/montero-ls.com\/en\/partnership-with-the-foundation-jardines-de-espana\/#article","isPartOf":{"@id":"https:\/\/montero-ls.com\/en\/partnership-with-the-foundation-jardines-de-espana\/"},"author":{"name":"admin","@id":"https:\/\/montero-ls.com\/en\/#\/schema\/person\/85503cb7e8b7f1b205bf612f15c1b33e"},"headline":"PARTNERSHIP WITH THE FOUNDATION &#8220;JARDINES DE ESPA\u00d1A&#8221;","datePublished":"2021-04-12T15:12:39+00:00","dateModified":"2021-05-27T14:40:03+00:00","mainEntityOfPage":{"@id":"https:\/\/montero-ls.com\/en\/partnership-with-the-foundation-jardines-de-espana\/"},"wordCount":129,"commentCount":0,"image":{"@id":"https:\/\/montero-ls.com\/en\/partnership-with-the-foundation-jardines-de-espana\/#primaryimage"},"thumbnailUrl":"https:\/\/montero-ls.com\/wp-content\/uploads\/2021\/04\/Foto-4.jpg","articleSection":["PARTNERSHIPS"],"inLanguage":"en-US","potentialAction":[{"@type":"CommentAction","name":"Comment","target":["https:\/\/montero-ls.com\/en\/partnership-with-the-foundation-jardines-de-espana\/#respond"]}]},{"@type":"WebPage","@id":"https:\/\/montero-ls.com\/en\/partnership-with-the-foundation-jardines-de-espana\/","url":"https:\/\/montero-ls.com\/en\/partnership-with-the-foundation-jardines-de-espana\/","name":"PARTNERSHIP WITH THE FOUNDATION \"JARDINES DE ESPA\u00d1A\" - Montero Language Services","isPartOf":{"@id":"https:\/\/montero-ls.com\/en\/#website"},"primaryImageOfPage":{"@id":"https:\/\/montero-ls.com\/en\/partnership-with-the-foundation-jardines-de-espana\/#primaryimage"},"image":{"@id":"https:\/\/montero-ls.com\/en\/partnership-with-the-foundation-jardines-de-espana\/#primaryimage"},"thumbnailUrl":"https:\/\/montero-ls.com\/wp-content\/uploads\/2021\/04\/Foto-4.jpg","datePublished":"2021-04-12T15:12:39+00:00","dateModified":"2021-05-27T14:40:03+00:00","author":{"@id":"https:\/\/montero-ls.com\/en\/#\/schema\/person\/85503cb7e8b7f1b205bf612f15c1b33e"},"description":"Visita nuestro post PARTNERSHIP WITH THE FOUNDATION \"JARDINES DE ESPA\u00d1A\". Toda la informaci\u00f3n y novedades de PARTNERSHIP WITH THE FOUNDATION \"JARDINES DE ESPA\u00d1A\" en el blog de Montero SL. Vis\u00edtanos y mantente al d\u00eda en PARTNERSHIP WITH THE FOUNDATION \"JARDINES DE ESPA\u00d1A\". \u00a1No esperes m\u00e1s!","breadcrumb":{"@id":"https:\/\/montero-ls.com\/en\/partnership-with-the-foundation-jardines-de-espana\/#breadcrumb"},"inLanguage":"en-US","potentialAction":[{"@type":"ReadAction","target":["https:\/\/montero-ls.com\/en\/partnership-with-the-foundation-jardines-de-espana\/"]}]},{"@type":"ImageObject","inLanguage":"en-US","@id":"https:\/\/montero-ls.com\/en\/partnership-with-the-foundation-jardines-de-espana\/#primaryimage","url":"https:\/\/montero-ls.com\/wp-content\/uploads\/2021\/04\/Foto-4.jpg","contentUrl":"https:\/\/montero-ls.com\/wp-content\/uploads\/2021\/04\/Foto-4.jpg","width":1024,"height":576},{"@type":"BreadcrumbList","@id":"https:\/\/montero-ls.com\/en\/partnership-with-the-foundation-jardines-de-espana\/#breadcrumb","itemListElement":[{"@type":"ListItem","position":1,"name":"Portada","item":"https:\/\/montero-ls.com\/"},{"@type":"ListItem","position":2,"name":"PARTNERSHIP WITH THE FOUNDATION &#8220;JARDINES DE ESPA\u00d1A&#8221;"}]},{"@type":"WebSite","@id":"https:\/\/montero-ls.com\/en\/#website","url":"https:\/\/montero-ls.com\/en\/","name":"Montero Language Services","description":"Agencia de Traducci\u00f3n Especializada","potentialAction":[{"@type":"SearchAction","target":{"@type":"EntryPoint","urlTemplate":"https:\/\/montero-ls.com\/en\/?s={search_term_string}"},"query-input":{"@type":"PropertyValueSpecification","valueRequired":true,"valueName":"search_term_string"}}],"inLanguage":"en-US"},{"@type":"Person","@id":"https:\/\/montero-ls.com\/en\/#\/schema\/person\/85503cb7e8b7f1b205bf612f15c1b33e","name":"admin","sameAs":["https:\/\/montero-ls.com"],"url":"https:\/\/montero-ls.com\/en\/author\/admin\/"}]}},"_links":{"self":[{"href":"https:\/\/montero-ls.com\/en\/wp-json\/wp\/v2\/posts\/49345","targetHints":{"allow":["GET"]}}],"collection":[{"href":"https:\/\/montero-ls.com\/en\/wp-json\/wp\/v2\/posts"}],"about":[{"href":"https:\/\/montero-ls.com\/en\/wp-json\/wp\/v2\/types\/post"}],"author":[{"embeddable":true,"href":"https:\/\/montero-ls.com\/en\/wp-json\/wp\/v2\/users\/1"}],"replies":[{"embeddable":true,"href":"https:\/\/montero-ls.com\/en\/wp-json\/wp\/v2\/comments?post=49345"}],"version-history":[{"count":0,"href":"https:\/\/montero-ls.com\/en\/wp-json\/wp\/v2\/posts\/49345\/revisions"}],"wp:featuredmedia":[{"embeddable":true,"href":"https:\/\/montero-ls.com\/en\/wp-json\/wp\/v2\/media\/49562"}],"wp:attachment":[{"href":"https:\/\/montero-ls.com\/en\/wp-json\/wp\/v2\/media?parent=49345"}],"wp:term":[{"taxonomy":"category","embeddable":true,"href":"https:\/\/montero-ls.com\/en\/wp-json\/wp\/v2\/categories?post=49345"},{"taxonomy":"post_tag","embeddable":true,"href":"https:\/\/montero-ls.com\/en\/wp-json\/wp\/v2\/tags?post=49345"}],"curies":[{"name":"wp","href":"https:\/\/api.w.org\/{rel}","templated":true}]}}